{"id":82,"date":"2026-02-02T20:20:24","date_gmt":"2026-02-02T20:20:24","guid":{"rendered":"https:\/\/esra-ks.org\/?p=82"},"modified":"2026-02-02T20:25:59","modified_gmt":"2026-02-02T20:25:59","slug":"esra-ofron-trajnim-online-te-akredituar-evp-per-infermiere-dhe-staf-shendetesor","status":"publish","type":"post","link":"https:\/\/esra-ks.org\/?p=82","title":{"rendered":"ESRA ofron trajnim online t\u00eb akredituar EVP p\u00ebr infermier\u00eb dhe staf sh\u00ebndet\u00ebsor"},"content":{"rendered":"\n<figure class=\"wp-block-image size-large\"><img loading=\"lazy\" decoding=\"async\" width=\"768\" height=\"1024\" src=\"https:\/\/esra-ks.org\/wp-content\/uploads\/2026\/02\/image-7710363-768x1024.jpg\" alt=\"\" class=\"wp-image-83\" srcset=\"https:\/\/esra-ks.org\/wp-content\/uploads\/2026\/02\/image-7710363-768x1024.jpg 768w, https:\/\/esra-ks.org\/wp-content\/uploads\/2026\/02\/image-7710363-225x300.jpg 225w, https:\/\/esra-ks.org\/wp-content\/uploads\/2026\/02\/image-7710363-1152x1536.jpg 1152w, https:\/\/esra-ks.org\/wp-content\/uploads\/2026\/02\/image-7710363.jpg 1365w\" sizes=\"auto, (max-width: 768px) 100vw, 768px\" \/><\/figure>\n\n\n\n<p><strong>Environmental and Social Responsibility Association (ESRA)<\/strong> njofton hapjen e regjistrimeve p\u00ebr <strong>Trajnimin Online EVP p\u00ebr Infermier\u00eb<\/strong>, nj\u00eb trajnim profesional i akredituar nga <strong>Oda e Infermier\u00ebve t\u00eb Kosov\u00ebs (OIK)<\/strong>, i cili do t\u00eb mbahet m\u00eb <strong>18 shkurt 2026<\/strong>, duke filluar nga <strong>ora 16:00<\/strong>, n\u00eb format <strong>online (Zoom)<\/strong>.<\/p>\n\n\n\n<p>Ky trajnim synon t\u00eb p\u00ebrmir\u00ebsoj\u00eb njohurit\u00eb dhe aft\u00ebsit\u00eb profesionale t\u00eb <strong>infermier\u00ebve, stafit sh\u00ebndet\u00ebsor dhe profileve t\u00eb tjera relevante<\/strong>, duke adresuar tema praktike dhe aktuale q\u00eb lidhen drejtp\u00ebrdrejt me kujdesin ndaj pacientit dhe sigurin\u00eb sh\u00ebndet\u00ebsore.<\/p>\n\n\n\n<h3 class=\"wp-block-heading\">Temat q\u00eb do t\u00eb trajtohen gjat\u00eb trajnimit:<\/h3>\n\n\n\n<ul class=\"wp-block-list\">\n<li>Kujdesi p\u00ebr pacient\u00ebt me diabet dhe insulin\u00eb<\/li>\n\n\n\n<li>Edukimi i pacientit kronik<\/li>\n\n\n\n<li>Administrimi i medikamenteve dhe siguria e barnave<\/li>\n\n\n\n<li>T\u00eb drejtat e pacientit<\/li>\n\n\n\n<li>Kateterizimi urinar dhe kujdesi i kateter\u00ebve<\/li>\n<\/ul>\n\n\n\n<p>Trajnimi ofron <strong>10 pik\u00eb t\u00eb akredituara EVP<\/strong>, nd\u00ebrsa <strong>tarifa e pjes\u00ebmarrjes \u00ebsht\u00eb vet\u00ebm 30\u20ac<\/strong>, duke e b\u00ebr\u00eb at\u00eb t\u00eb qassh\u00ebm dhe me vler\u00eb t\u00eb lart\u00eb profesionale.<\/p>\n\n\n\n<p>\ud83d\udccc <strong>Vendet jan\u00eb t\u00eb kufizuara<\/strong>, prandaj pjes\u00ebmarr\u00ebsit inkurajohen t\u00eb aplikojn\u00eb sa m\u00eb her\u00ebt.<\/p>\n\n\n\n<h3 class=\"wp-block-heading\">Detajet kryesore:<\/h3>\n\n\n\n<ul class=\"wp-block-list\">\n<li>\ud83d\udcc5 Data: 18 Shkurt 2026<\/li>\n\n\n\n<li>\u23f0 Ora: 16:00<\/li>\n\n\n\n<li>\ud83d\udcbb Formati: Online (Zoom)<\/li>\n\n\n\n<li>\ud83d\udcb6 Tarifa: 30 \u20ac<\/li>\n\n\n\n<li>\ud83c\udf93 Akreditim: 10 pik\u00eb EVP<\/li>\n<\/ul>\n\n\n\n<p>\ud83d\udcdd <strong>Apliko k\u00ebtu:<\/strong><br>\ud83d\udc49 <a href=\"https:\/\/forms.gle\/BewxovCyGys1Xzcw5\">https:\/\/forms.gle\/BewxovCyGys1Xzcw5<\/a><\/p>\n\n\n\n<p>P\u00ebr m\u00eb shum\u00eb informacione, mund t\u00eb na kontaktoni p\u00ebrmes inbox-it ose kanaleve tona zyrtare t\u00eb komunikimit.<\/p>\n\n\n\n<p><strong>Investoni n\u00eb zhvillimin tuaj profesional \u2013 me ESRA.<\/strong><\/p>\n","protected":false},"excerpt":{"rendered":"<p>Environmental and Social Responsibility Association (ESRA) njofton hapjen e regjistrimeve p\u00ebr Trajnimin Online EVP p\u00ebr Infermier\u00eb, nj\u00eb trajnim profesional i akredituar nga Oda e Infermier\u00ebve t\u00eb Kosov\u00ebs (OIK), i cili do t\u00eb mbahet m\u00eb 18 shkurt 2026, duke filluar nga ora 16:00, n\u00eb format online (Zoom). Ky trajnim synon t\u00eb p\u00ebrmir\u00ebsoj\u00eb njohurit\u00eb dhe aft\u00ebsit\u00eb profesionale [&hellip;]<\/p>\n","protected":false},"author":1,"featured_media":0,"comment_status":"open","ping_status":"open","sticky":false,"template":"","format":"standard","meta":{"footnotes":""},"categories":[4,1],"tags":[],"class_list":["post-82","post","type-post","status-publish","format-standard","hentry","category-news","category-uncategorized"],"_links":{"self":[{"href":"https:\/\/esra-ks.org\/index.php?rest_route=\/wp\/v2\/posts\/82","targetHints":{"allow":["GET"]}}],"collection":[{"href":"https:\/\/esra-ks.org\/index.php?rest_route=\/wp\/v2\/posts"}],"about":[{"href":"https:\/\/esra-ks.org\/index.php?rest_route=\/wp\/v2\/types\/post"}],"author":[{"embeddable":true,"href":"https:\/\/esra-ks.org\/index.php?rest_route=\/wp\/v2\/users\/1"}],"replies":[{"embeddable":true,"href":"https:\/\/esra-ks.org\/index.php?rest_route=%2Fwp%2Fv2%2Fcomments&post=82"}],"version-history":[{"count":1,"href":"https:\/\/esra-ks.org\/index.php?rest_route=\/wp\/v2\/posts\/82\/revisions"}],"predecessor-version":[{"id":84,"href":"https:\/\/esra-ks.org\/index.php?rest_route=\/wp\/v2\/posts\/82\/revisions\/84"}],"wp:attachment":[{"href":"https:\/\/esra-ks.org\/index.php?rest_route=%2Fwp%2Fv2%2Fmedia&parent=82"}],"wp:term":[{"taxonomy":"category","embeddable":true,"href":"https:\/\/esra-ks.org\/index.php?rest_route=%2Fwp%2Fv2%2Fcategories&post=82"},{"taxonomy":"post_tag","embeddable":true,"href":"https:\/\/esra-ks.org\/index.php?rest_route=%2Fwp%2Fv2%2Ftags&post=82"}],"curies":[{"name":"wp","href":"https:\/\/api.w.org\/{rel}","templated":true}]}}